{"id":1365,"date":"2025-08-26T16:57:33","date_gmt":"2025-08-26T16:57:33","guid":{"rendered":"https:\/\/kursora.com\/renforcer-la-resilience-economique-en-france\/"},"modified":"2026-01-24T19:48:34","modified_gmt":"2026-01-24T19:48:34","slug":"renforcer-la-resilience-economique-en-france","status":"publish","type":"post","link":"https:\/\/kursora.com\/en\/renforcer-la-resilience-economique-en-france\/","title":{"rendered":"Renforcer la R\u00e9silience \u00c9conomique en France"},"content":{"rendered":"\n<p class=\"has-text-align-center\"><strong>Vous voulez une carte pour toutes les heures ?<\/strong><\/p>\n\n\n<div class=\"lazyblock-cta-links-maior-3-botoes-2-Z1NcelR wp-block-lazyblock-cta-links-maior-3-botoes-2\">\r\n<div class=\"mt-8\">       \r\n    <div class=\"flex flex-col gap-2 mt-5\">\r\n                    \r\n            <a style=\"padding-top: 20px !important;padding-bottom: 20px !important;\" class=\"flex justify-between items-center pl-4 pr-3 py-3 bg-custom rounded-lg text-white uppercase text-sm font-medium\" href=\"https:\/\/kursora.com\/fr\/avantages-et-souscription-carte-visa-premier-39\/\" aria-label=\"Carte Visa Premier \">\r\n                Carte Visa Premier                 <svg xmlns=\"http:\/\/www.w3.org\/2000\/svg\" width=\"24\" height=\"24\" viewBox=\"0 0 24 24\"><title>circle-ctrl-right<\/title><g fill=\"#F7F7F7\"><path d=\"M24,12A12,12,0,1,0,12,24,12.013,12.013,0,0,0,24,12ZM10.293,16.707a1,1,0,0,1,0-1.414L13.586,12,10.293,8.707a1,1,0,1,1,1.414-1.414l4,4a1,1,0,0,1,0,1.414l-4,4a1,1,0,0,1-1.414,0Z\" fill=\"#F7F7F7\"><\/path><\/g><\/svg>\r\n            <\/a>\r\n\r\n            <p class=\"text-sm text-gray-600 pl-4\">\r\n                Voc\u00ea continuar\u00e1 no mesmo site            <\/p>\r\n            <\/div>\r\n<\/div>\r\n<\/div>\n\n\n<p>Le monde change rapidement, et la <strong>r\u00e9silience \u00e9conomique<\/strong> est essentielle pour la <strong>France<\/strong>. Face \u00e0 des <strong>d\u00e9fis \u00e9conomiques<\/strong> importants, il est crucial d&#8217;avoir une <strong>croissance durable<\/strong>. Cette croissance doit s&#8217;adapter aux besoins actuels tout en se pr\u00e9parant pour l&#8217;avenir. Cet article va examiner les strat\u00e9gies et politiques cl\u00e9s \u00e0 adopter. Il soulignera aussi les efforts du gouvernement et les innovations r\u00e9gionales.<\/p>\n\n\n<div class=\"lazyblock-cta-download-22Bbuv wp-block-lazyblock-cta-download\">\n<div class=\"mt-16\">\n    <div class=\"h-1 bg-gray-200 rounded overflow-hidden\">\n        <div class=\"w-16 h-full bg-custom\"><\/div>\n    <\/div>\n\n    <div class=\"flex items-center md:items-end flex-col max-md:px-5 max-md:border border-slate-200\">\n        <div class=\"flex max-md:flex-col max-md:justify-center items-center py-5 gap-6 md:border-b border-slate-200\">\n                            <img decoding=\"async\" class=\"md:w-2\/5 w-full h-48 object-cover object-center rounded border-gray-100 border-2\"\n                    src=\"https:\/\/kursora.com\/wp-content\/uploads\/2025\/08\/Captura-de-tela-2026-01-24-164223.png\"\n                    alt=\"Carte Visa Premier\">\n                \n            <div class=\"flex-1 max-md:text-center\">\n                                    <span class=\"text-sm title-font text-slate-500 tracking-wide uppercase\">Carte<\/span>\n                \n                                    <h2 class=\"text-[1.75rem] font-medium flex-1\">\n                        Carte Visa Premier                    <\/h2>\n                \n                                    <div class=\"flex items-center gap-2 mt-3 max-md:justify-center\">\n                                                                                    <span class=\"rounded post-category text-xs uppercase font-semibold bg-custom\/10 text-custom px-2 py-1 mb-1.5\">\n                                    R\u00e9duction jusqu\u2019\u00e0 -25% chez Avis                                <\/span>\n                                                                                                                <span class=\"rounded post-category text-xs uppercase font-semibold bg-custom\/10 text-custom px-2 py-1 mb-1.5\">\n                                    R\u00e9duction dans les cin\u00e9mas Gaumont Path\u00e9                                <\/span>\n                                                                                                                <span class=\"rounded post-category text-xs uppercase font-semibold bg-custom\/10 text-custom px-2 py-1 mb-1.5\">\n                                    \u00c0 toute heure                                <\/span>\n                                                                        <\/div>\n                \n                                    <span class=\"text-base mt-2 block\">\n                        Platinum lifestyle, Gourmet &amp; Voyage                    <\/span>\n                            <\/div>\n        <\/div>\n    \n        <div class=\"py-6 text-right gap-4 md:gap-6\">\n                            <a href=\"https:\/\/my.visa.fr\/fr\/premier\"\n                    aria-label=\"En savoir plus\"\n                    class=\"no-underline text-center mb-2 max-md:w-full bg-custom hover:opacity-80 transition-colors text-base inline-block text-white py-3 px-6 text-md font-semibold rounded\">\n                    En savoir plus                <\/a>\n                        <span class=\"block text-xs text-center sm:text-right text-slate-500 mt-3\">Voc\u00ea permanecer\u00e1 no mesmo site <\/span>\n        <\/div>\n    <\/div>\n<\/div><\/div>\n\n\n<h2 class=\"wp-block-heading\">Introduction \u00e0 la r\u00e9silience \u00e9conomique<\/h2>\n\n\n\n<p>La <b>r\u00e9silience \u00e9conomique<\/b>, c&#8217;est pouvoir tenir bon, s&#8217;ajuster et se remettre des difficult\u00e9s. Avec les crises qui se suivent, comprendre ce concept est crucial. Cela veut dire r\u00e9agir vite mais aussi penser sur le long terme.<\/p>\n\n\n\n<p>Ne sous-estimons pas l&#8217;importance de cette capacit\u00e9. Elle aide les gens et les communaut\u00e9s \u00e0 mieux vivre les crises. Elle permet de garder une \u00e9conomie stable et prosp\u00e8re pour tous.<\/p>\n\n\n<div class=\"wp-block-image\">\n<figure class=\"aligncenter\"><img loading=\"lazy\" decoding=\"async\" width=\"1024\" height=\"585\" src=\"https:\/\/kursora.com\/wp-content\/uploads\/2025\/08\/resilience-economique-1024x585.jpeg\" alt=\"r\u00e9silience \u00e9conomique\" class=\"wp-image-1367\" title=\"r\u00e9silience \u00e9conomique\" srcset=\"https:\/\/kursora.com\/wp-content\/uploads\/2025\/08\/resilience-economique-1024x585.jpeg 1024w, https:\/\/kursora.com\/wp-content\/uploads\/2025\/08\/resilience-economique-300x171.jpeg 300w, https:\/\/kursora.com\/wp-content\/uploads\/2025\/08\/resilience-economique-768x439.jpeg 768w, https:\/\/kursora.com\/wp-content\/uploads\/2025\/08\/resilience-economique.jpeg 1344w\" sizes=\"auto, (max-width: 1024px) 100vw, 1024px\" \/><\/figure>\n<\/div>\n\n\n<p><\/p>\n\n\n\n<h2 class=\"wp-block-heading\">Les d\u00e9fis \u00e9conomiques actuels en France<\/h2>\n\n\n\n<p>La <b>France<\/b> fait face \u00e0 des <b>d\u00e9fis \u00e9conomiques<\/b> majeurs en ce moment. Cela est d\u00fb \u00e0 la <b>crise sanitaire<\/b> de la Covid-19. Cette crise a frapp\u00e9 dur sur beaucoup de secteurs, aggravant des probl\u00e8mes d\u00e9j\u00e0 existants.<\/p>\n\n\n\n<p>Le taux de <b>ch\u00f4mage<\/b> a beaucoup augment\u00e9, surtout chez les jeunes et les moins qualifi\u00e9s. Avec la crise, beaucoup d&#8217;emplois sont perdus ou devenus plus pr\u00e9caires. Cela augmente les risques de pauvret\u00e9 et d&#8217;exclusion.<\/p>\n\n\n\n<p>La crise a aussi rendu les in\u00e9galit\u00e9s sociales plus profondes. Il y a maintenant un grand foss\u00e9 entre les diff\u00e9rentes classes de la soci\u00e9t\u00e9. Il faut des actions bien cibl\u00e9es pour augmenter la solidarit\u00e9 \u00e9conomique.<\/p>\n\n\n\n<p>Les <b>entreprises<\/b> luttent pour rester en vie dans cette p\u00e9riode instable. Il est crucial que l&#8217;\u00c9tat, les <b>entreprises<\/b> et les travailleurs travaillent ensemble. Des solutions qui incluent tout le monde sont n\u00e9cessaires pour reconstruire la confiance et assurer une <b>relance \u00e9conomique<\/b> durable.<\/p>\n\n\n\n<h2 class=\"wp-block-heading\">Strat\u00e9gies pour renforcer la r\u00e9silience \u00e9conomique<\/h2>\n\n\n\n<p>Pour am\u00e9liorer l&#8217;\u00e9conomie en <b>France<\/b>, nous devons suivre plusieurs strat\u00e9gies importantes. Cela inclut des <b>investissements<\/b> dans de grandes infrastructures. Cela aide \u00e0 relancer l&#8217;\u00e9conomie et \u00e0 la rendre solide sur le long terme.<\/p>\n\n\n\n<p>Les secteurs comme les transports, l&#8217;\u00e9nergie, et la digitalisation sont cruciaux. Investir dans ces domaines cr\u00e9e une base forte pour l&#8217;avenir.<\/p>\n\n\n\n<p>Il est aussi vital de soutenir l&#8217;innovation. Les <b>entreprises<\/b> de toutes tailles doivent avoir acc\u00e8s \u00e0 des ressources pour innover. Cela am\u00e9liore leur <b>comp\u00e9titivit\u00e9<\/b>, cr\u00e9e des emplois, et augmente la qualit\u00e9 de vie.<\/p>\n\n\n\n<p>Cr\u00e9er un milieu \u00e9conomique o\u00f9 tout le monde a sa chance est essentiel. Cela veut dire aider les petites entreprises et les start-ups. Collaborer \u00e9troitement entre les secteurs public et priv\u00e9 est aussi important.<\/p>\n\n\n\n<h2 class=\"wp-block-heading\">Le plan national de relance et de r\u00e9silience (PNRR)<\/h2>\n\n\n\n<p>Le <b>PNRR<\/b> est crucial pour booster l&#8217;\u00e9conomie fran\u00e7aise. Il vise \u00e0 utiliser environ 40 milliards d&#8217;euros de l&#8217;Europe. L&#8217;id\u00e9e est de rendre les <b>investissements<\/b> plus efficaces pour aider l&#8217;\u00e9conomie apr\u00e8s la Covid-19.<\/p>\n\n\n\n<h3 class=\"wp-block-heading\">Objectifs du PNRR<\/h3>\n\n\n\n<p>Ce plan a des buts importants pour l&#8217;\u00e9conomie fran\u00e7aise :<\/p>\n\n\n\n<ul class=\"wp-block-list\">\n<li>Augmenter l&#8217;innovation et la recherche.<\/li>\n\n\n\n<li>Aider les entreprises \u00e0 devenir plus vertes et plus digitales.<\/li>\n\n\n\n<li>Faire mieux avec les infrastructures publiques.<\/li>\n<\/ul>\n\n\n\n<h3 class=\"wp-block-heading\">Priorit\u00e9s d&#8217;investissement<\/h3>\n\n\n\n<p>Les <b>investissements<\/b> du <b>PNRR<\/b> suivent des priorit\u00e9s claires pour relancer l&#8217;\u00e9conomie :<\/p>\n\n\n\n<ol class=\"wp-block-list\">\n<li>Miser sur les \u00e9nergies renouvelables.<\/li>\n\n\n\n<li>Booster les infrastructures num\u00e9riques pour \u00eatre plus comp\u00e9titifs.<\/li>\n\n\n\n<li>Rendre la sant\u00e9 et l&#8217;\u00e9ducation meilleures.<\/li>\n<\/ol>\n\n\n\n<h2 class=\"wp-block-heading\">Importance de l&#8217;\u00e9cologie dans la r\u00e9silience \u00e9conomique<\/h2>\n\n\n\n<p>L&#8217;\u00e9cologie est cl\u00e9 pour renforcer l&#8217;\u00e9conomie en <b>France<\/b>. La <b>transition \u00e9nerg\u00e9tique<\/b> aide \u00e0 diminuer l&#8217;empreinte carbone. Elle augmente aussi la <b>comp\u00e9titivit\u00e9<\/b> des entreprises.<\/p>\n\n\n\n<p>Le <b>financement<\/b> vert joue un grand r\u00f4le. Il supporte des projets \u00e9cologiques gr\u00e2ce au plan national (<b>PNRR<\/b>). Les secteurs comme la r\u00e9novation \u00e9nerg\u00e9tique et les infrastructures vertes sont essentiels.<\/p>\n\n\n\n<p>Ces efforts cr\u00e9ent des emplois et am\u00e9liorent la vie des gens. La France, en prenant ces mesures, fait face aux <b>d\u00e9fis<\/b> environnementaux.<\/p>\n\n\n\n<h2 class=\"wp-block-heading\">La num\u00e9risation et la comp\u00e9titivit\u00e9<\/h2>\n\n\n\n<p>La <b>num\u00e9risation<\/b> est cl\u00e9 pour les entreprises fran\u00e7aises. Elle les aide \u00e0 rester comp\u00e9titives. En effet, les march\u00e9s changent vite. Les entreprises ont besoin de devenir num\u00e9riques pour se moderniser et plaire \u00e0 leurs clients. C&#8217;est tr\u00e8s important pour les petites et moyennes entreprises. Elles sont essentielles pour l&#8217;\u00e9conomie du pays.<\/p>\n\n\n\n<h3 class=\"wp-block-heading\">Transition num\u00e9rique des entreprises<\/h3>\n\n\n\n<p>Les entreprises doivent suivre plusieurs \u00e9tapes pour r\u00e9ussir num\u00e9riquement :<\/p>\n\n\n\n<ul class=\"wp-block-list\">\n<li>Adopter de nouvelles technologies pour mieux fonctionner.<\/li>\n\n\n\n<li>Enseigner aux employ\u00e9s les comp\u00e9tences digitales n\u00e9cessaires.<\/li>\n\n\n\n<li>Cr\u00e9er des solutions digitales pour mieux servir les clients.<\/li>\n<\/ul>\n\n\n\n<p>Ces efforts aident \u00e0 la <b>num\u00e9risation<\/b> et \u00e0 \u00eatre plus comp\u00e9titifs globalement. La transition num\u00e9rique n&#8217;est pas que technique. Elle change aussi la culture et l&#8217;organisation de l&#8217;entreprise. Cela les rend plus fortes pour affronter les <b>d\u00e9fis<\/b> \u00e0 venir.<\/p>\n\n\n\n<h2 class=\"wp-block-heading\">R\u00e9silience \u00e9conomique malgr\u00e9 les d\u00e9fis<\/h2>\n\n\n\n<p>La <b>r\u00e9silience \u00e9conomique<\/b> d&#8217;un pays se mesure \u00e0 sa r\u00e9action face aux obstacles, grand ou petit. Les actions locales sont d\u00e8s lors vitales. Elles ciblent et r\u00e9pondent aux exigences de chaque r\u00e9gion, rendant les solutions plus p\u00e9rennes.<\/p>\n\n\n\n<h3 class=\"wp-block-heading\">Interventions locales et durabilit\u00e9<\/h3>\n\n\n\n<p>Les actions locales sont le pilier de la <b>r\u00e9silience \u00e9conomique<\/b>. Elles contribuent \u00e0 :<\/p>\n\n\n\n<ul class=\"wp-block-list\">\n<li>Tailler les efforts \u00e9conomiques \u00e0 la mesure de chaque zone.<\/li>\n\n\n\n<li>Encourager des m\u00e9thodes \u00e9coresponsables b\u00e9n\u00e9fiques pour notre plan\u00e8te.<\/li>\n\n\n\n<li>Cr\u00e9er des liens solides entre les acteurs du territoire, ce qui solidifie le tissu social.<\/li>\n<\/ul>\n\n\n\n<h3 class=\"wp-block-heading\">Partenariats public-priv\u00e9<\/h3>\n\n\n\n<p>Les partenariats public-priv\u00e9 se r\u00e9v\u00e8lent cl\u00e9s pour l&#8217;\u00e9conomie r\u00e9siliente. Ils offrent :<\/p>\n\n\n\n<ol class=\"wp-block-list\">\n<li>Des moyens financiers et techniques essentiels pour les projets locaux.<\/li>\n\n\n\n<li>Un support \u00e0 l&#8217;innovation dans les r\u00e9ponses aux <b>d\u00e9fis \u00e9conomiques<\/b> locaux.<\/li>\n\n\n\n<li>Une base solide de confiance entre secteurs public et priv\u00e9, crucial pour la durabilit\u00e9 des projets.<\/li>\n<\/ol>\n\n\n\n<h2 class=\"wp-block-heading\">Coh\u00e9sion sociale et \u00e9conomique<\/h2>\n\n\n\n<p>La <b>coh\u00e9sion sociale<\/b> aide un pays \u00e0 \u00eatre plus fort \u00e9conomiquement. Avoir les m\u00eames chances, surtout par la <b>formation professionnelle<\/b>, aide les jeunes \u00e0 trouver du travail. Cela cr\u00e9e un esprit de solidarit\u00e9 et d&#8217;entraide dans les communaut\u00e9s.<\/p>\n\n\n\n<h3 class=\"wp-block-heading\">Formation professionnelle et insertion des jeunes<\/h3>\n\n\n\n<p>La <b>formation professionnelle<\/b> est cruciale pour aider les jeunes \u00e0 entrer dans le monde du travail. Elle leur donne les comp\u00e9tences requises. Les formations doivent r\u00e9pondre aux besoins du march\u00e9 et impliquer les entreprises. Cela assure de v\u00e9ritables opportunit\u00e9s pour les jeunes.<\/p>\n\n\n\n<ul class=\"wp-block-list\">\n<li>Partenariats avec des entreprises locales pour des stages et des apprentissages.<\/li>\n\n\n\n<li>Programmes de mentorat et de coaching pour les jeunes en recherche d&#8217;emploi.<\/li>\n\n\n\n<li>Formation continue pour les professionnels souhaitant \u00e9voluer dans leur carri\u00e8re.<\/li>\n<\/ul>\n\n\n\n<h3 class=\"wp-block-heading\">Support aux populations vuln\u00e9rables<\/h3>\n\n\n\n<p>Il faut porter une attention sp\u00e9ciale aux populations vuln\u00e9rables pour les aider \u00e0 s&#8217;ins\u00e9rer. Des actions cibl\u00e9es et un support sont indispensables pour leurs besoins uniques. On doit se focaliser sur :<\/p>\n\n\n\n<ol class=\"wp-block-list\">\n<li>Acc\u00e8s \u00e0 des programmes de formation adapt\u00e9s.<\/li>\n\n\n\n<li>Soutien psychologique et social pour favoriser la reprise d&#8217;activit\u00e9.<\/li>\n\n\n\n<li>Collaboration avec les institutions locales pour un accompagnement personnalis\u00e9.<\/li>\n<\/ol>\n\n\n\n<h2 class=\"wp-block-heading\">Conclusion<\/h2>\n\n\n\n<p>La r\u00e9silience \u00e9conomique est essentielle pour la France aujourd&#8217;hui. Le plan national de <b>relance<\/b> montre l&#8217;engagement pour une \u00e9conomie durable. Avec ces actions, la France vise une reprise solide et durable.<\/p>\n\n\n\n<p>On a appris que l&#8217;\u00e9cologie et la technologie sont cl\u00e9s pour la r\u00e9silience. Investir dans le num\u00e9rique et le durable renforce l&#8217;\u00e9conomie et la soci\u00e9t\u00e9. Cela assure \u00e0 tous de b\u00e9n\u00e9ficier des avanc\u00e9es.<\/p>\n\n\n\n<p>La capacit\u00e9 de la France \u00e0 s&#8217;adapter et innover est cruciale. Se tournant vers l&#8217;avenir, il est vital de continuer ces efforts. Une \u00e9conomie souple est la base d&#8217;une soci\u00e9t\u00e9 forte face aux <b>d\u00e9fis<\/b> futurs.<\/p>\n\n\n\n<section class=\"schema-section\">\n<h2>FAQ<\/h2>\n<div>\n<h3>Qu&#8217;est-ce que la r\u00e9silience \u00e9conomique?<\/h3>\n<div>\n<div>\n<p>La r\u00e9silience \u00e9conomique est la force d&#8217;une \u00e9conomie face aux difficult\u00e9s. Cela inclut les probl\u00e8mes \u00e9conomiques, de sant\u00e9, ou environnementaux.<\/p>\n<\/div>\n<\/div>\n<\/div>\n<div>\n<h3>Quels sont les d\u00e9fis \u00e9conomiques actuels en France?<\/h3>\n<div>\n<div>\n<p>Actuellement, la France rencontre des probl\u00e8mes \u00e9conomiques s\u00e9rieux. Elle est confront\u00e9e \u00e0 la crise de la Covid-19 et \u00e0 une augmentation du <b>ch\u00f4mage<\/b>. En plus, les in\u00e9galit\u00e9s sociales ne cessent de s&#8217;aggraver.<\/p>\n<\/div>\n<\/div>\n<\/div>\n<div>\n<h3>Comment le PNRR contribue-t-il \u00e0 la relance \u00e9conomique?<\/h3>\n<div>\n<div>\n<p>Le PNRR aide la France \u00e0 se rejuvenir \u00e9conomiquement. Il cherche \u00e0 recevoir environ 40 milliards d&#8217;euros de l&#8217;Europe. Cet argent vise \u00e0 rendre les investissements plus efficaces et \u00e0 relancer l&#8217;\u00e9conomie.<\/p>\n<\/div>\n<\/div>\n<\/div>\n<div>\n<h3>Pourquoi l&#8217;\u00e9cologie est-elle importante dans les politiques \u00e9conomiques?<\/h3>\n<div>\n<div>\n<p>Faire de l&#8217;\u00e9cologie une partie des politiques \u00e9conomiques est vital. Cela aide \u00e0 r\u00e9duire les \u00e9missions de carbone et encourage l&#8217;innovation verte.<\/p>\n<\/div>\n<\/div>\n<\/div>\n<div>\n<h3>Quels sont les avantages de la transition num\u00e9rique pour les entreprises fran\u00e7aises?<\/h3>\n<div>\n<div>\n<p>Gr\u00e2ce \u00e0 la transition num\u00e9rique, les petites et moyennes entreprises se modernisent. Elles deviennent plus comp\u00e9titives et am\u00e9liorent les comp\u00e9tences num\u00e9riques de leurs \u00e9quipes.<\/p>\n<\/div>\n<\/div>\n<\/div>\n<div>\n<h3>Quels types d&#8217;interventions locales sont n\u00e9cessaires pour renforcer la r\u00e9silience?<\/h3>\n<div>\n<div>\n<p>Il faut des actions locales qui respectent les particularit\u00e9s de chaque territoire. Ces actions doivent viser durabilit\u00e9 et adaptabilit\u00e9 aux crises futures.<\/p>\n<\/div>\n<\/div>\n<\/div>\n<div>\n<h3>Quel r\u00f4le joue la coh\u00e9sion sociale dans la r\u00e9silience \u00e9conomique?<\/h3>\n<div>\n<div>\n<p>La <b>coh\u00e9sion sociale<\/b> est tr\u00e8s importante pour b\u00e2tir une \u00e9conomie solide. Elle aide \u00e0 int\u00e9grer les jeunes et soutenir les plus faibles. Ainsi, elle cr\u00e9e une soci\u00e9t\u00e9 plus juste.<\/p>\n<\/div>\n<\/div>\n<\/div>\n<\/section>\n","protected":false},"excerpt":{"rendered":"<p>Vous voulez une carte pour toutes les heures ? Le monde change rapidement, et la r\u00e9silience \u00e9conomique est essentielle pour la France&#8230;.<\/p>\n","protected":false},"author":2,"featured_media":1366,"comment_status":"open","ping_status":"open","sticky":false,"template":"","format":"standard","meta":{"footnotes":""},"categories":[2996],"tags":[3311,3314,3317,3320,3323,3326,3329,3332,3335,3338],"class_list":["post-1365","post","type-post","status-publish","format-standard","has-post-thumbnail","hentry","category-carte","tag-adaptation-aux-challenges-economiques-fr","tag-croissance-economique-durable-fr","tag-defis-economiques-en-france-fr","tag-economie-nationale-francaise-fr","tag-gestion-des-chocs-economiques-fr","tag-impact-economique-des-crises-fr","tag-politiques-economiques-en-france-fr","tag-resilience-economique-fr","tag-stabilite-financiere-en-france-fr","tag-strategies-de-resilience-fr","entry"],"_links":{"self":[{"href":"https:\/\/kursora.com\/en\/wp-json\/wp\/v2\/posts\/1365","targetHints":{"allow":["GET"]}}],"collection":[{"href":"https:\/\/kursora.com\/en\/wp-json\/wp\/v2\/posts"}],"about":[{"href":"https:\/\/kursora.com\/en\/wp-json\/wp\/v2\/types\/post"}],"author":[{"embeddable":true,"href":"https:\/\/kursora.com\/en\/wp-json\/wp\/v2\/users\/2"}],"replies":[{"embeddable":true,"href":"https:\/\/kursora.com\/en\/wp-json\/wp\/v2\/comments?post=1365"}],"version-history":[{"count":7,"href":"https:\/\/kursora.com\/en\/wp-json\/wp\/v2\/posts\/1365\/revisions"}],"predecessor-version":[{"id":16257,"href":"https:\/\/kursora.com\/en\/wp-json\/wp\/v2\/posts\/1365\/revisions\/16257"}],"wp:featuredmedia":[{"embeddable":true,"href":"https:\/\/kursora.com\/en\/wp-json\/wp\/v2\/media\/1366"}],"wp:attachment":[{"href":"https:\/\/kursora.com\/en\/wp-json\/wp\/v2\/media?parent=1365"}],"wp:term":[{"taxonomy":"category","embeddable":true,"href":"https:\/\/kursora.com\/en\/wp-json\/wp\/v2\/categories?post=1365"},{"taxonomy":"post_tag","embeddable":true,"href":"https:\/\/kursora.com\/en\/wp-json\/wp\/v2\/tags?post=1365"}],"curies":[{"name":"wp","href":"https:\/\/api.w.org\/{rel}","templated":true}]}}