{"id":1373,"date":"2025-08-26T16:57:47","date_gmt":"2025-08-26T16:57:47","guid":{"rendered":"https:\/\/kursora.com\/croissance-ralentie-et-espoir-a-moyen-terme\/"},"modified":"2026-01-24T19:46:00","modified_gmt":"2026-01-24T19:46:00","slug":"croissance-ralentie-et-espoir-a-moyen-terme","status":"publish","type":"post","link":"https:\/\/kursora.com\/en\/croissance-ralentie-et-espoir-a-moyen-terme\/","title":{"rendered":"Croissance ralentie et espoir \u00e0 moyen terme"},"content":{"rendered":"\n<p class=\"has-text-align-center\"><strong>Vous voulez une carte pour toutes les heures ?<\/strong><\/p>\n\n\n<div class=\"lazyblock-cta-links-maior-3-botoes-2-Z1NcelR wp-block-lazyblock-cta-links-maior-3-botoes-2\">\r\n<div class=\"mt-8\">       \r\n    <div class=\"flex flex-col gap-2 mt-5\">\r\n                    \r\n            <a style=\"padding-top: 20px !important;padding-bottom: 20px !important;\" class=\"flex justify-between items-center pl-4 pr-3 py-3 bg-custom rounded-lg text-white uppercase text-sm font-medium\" href=\"https:\/\/kursora.com\/fr\/avantages-et-souscription-carte-visa-premier-41\/\" aria-label=\"Carte Visa Premier \">\r\n                Carte Visa Premier                 <svg xmlns=\"http:\/\/www.w3.org\/2000\/svg\" width=\"24\" height=\"24\" viewBox=\"0 0 24 24\"><title>circle-ctrl-right<\/title><g fill=\"#F7F7F7\"><path d=\"M24,12A12,12,0,1,0,12,24,12.013,12.013,0,0,0,24,12ZM10.293,16.707a1,1,0,0,1,0-1.414L13.586,12,10.293,8.707a1,1,0,1,1,1.414-1.414l4,4a1,1,0,0,1,0,1.414l-4,4a1,1,0,0,1-1.414,0Z\" fill=\"#F7F7F7\"><\/path><\/g><\/svg>\r\n            <\/a>\r\n\r\n            <p class=\"text-sm text-gray-600 pl-4\">\r\n                Voc\u00ea continuar\u00e1 no mesmo site            <\/p>\r\n            <\/div>\r\n<\/div>\r\n<\/div>\n\n\n<p>La <b>France<\/b> conna\u00eet un <b>ralentissement \u00e9conomique<\/b> qui pose beaucoup de questions. Malgr\u00e9 cela, des pr\u00e9visions positives se font sentir. Cela nous donne espoir pour l&#8217;avenir.<\/p>\n\n\n\n<p>Les <b>indicateurs \u00e9conomiques<\/b> commencent \u00e0 montrer des signes positifs. Ils sugg\u00e8rent que la <b>croissance<\/b> pourrait revenir malgr\u00e9 les obstacles. Cette \u00e9volution est cl\u00e9 pour voir les chances de progr\u00e8s.<\/p>\n\n\n<div class=\"lazyblock-cta-download-22Bbuv wp-block-lazyblock-cta-download\">\n<div class=\"mt-16\">\n    <div class=\"h-1 bg-gray-200 rounded overflow-hidden\">\n        <div class=\"w-16 h-full bg-custom\"><\/div>\n    <\/div>\n\n    <div class=\"flex items-center md:items-end flex-col max-md:px-5 max-md:border border-slate-200\">\n        <div class=\"flex max-md:flex-col max-md:justify-center items-center py-5 gap-6 md:border-b border-slate-200\">\n                            <img decoding=\"async\" class=\"md:w-2\/5 w-full h-48 object-cover object-center rounded border-gray-100 border-2\"\n                    src=\"https:\/\/kursora.com\/wp-content\/uploads\/2025\/08\/Captura-de-tela-2026-01-24-164223.png\"\n                    alt=\"Carte Visa Premier\">\n                \n            <div class=\"flex-1 max-md:text-center\">\n                                    <span class=\"text-sm title-font text-slate-500 tracking-wide uppercase\">Carte<\/span>\n                \n                                    <h2 class=\"text-[1.75rem] font-medium flex-1\">\n                        Carte Visa Premier                    <\/h2>\n                \n                                    <div class=\"flex items-center gap-2 mt-3 max-md:justify-center\">\n                                                                                    <span class=\"rounded post-category text-xs uppercase font-semibold bg-custom\/10 text-custom px-2 py-1 mb-1.5\">\n                                    R\u00e9duction jusqu\u2019\u00e0 -25% chez Avis                                <\/span>\n                                                                                                                <span class=\"rounded post-category text-xs uppercase font-semibold bg-custom\/10 text-custom px-2 py-1 mb-1.5\">\n                                    R\u00e9duction dans les cin\u00e9mas Gaumont Path\u00e9                                <\/span>\n                                                                                                                <span class=\"rounded post-category text-xs uppercase font-semibold bg-custom\/10 text-custom px-2 py-1 mb-1.5\">\n                                    \u00c0 toute heure                                <\/span>\n                                                                        <\/div>\n                \n                                    <span class=\"text-base mt-2 block\">\n                        Platinum lifestyle, Gourmet &amp; Voyage                    <\/span>\n                            <\/div>\n        <\/div>\n    \n        <div class=\"py-6 text-right gap-4 md:gap-6\">\n                            <a href=\"https:\/\/my.visa.fr\/fr\/premier\"\n                    aria-label=\"En savoir plus\"\n                    class=\"no-underline text-center mb-2 max-md:w-full bg-custom hover:opacity-80 transition-colors text-base inline-block text-white py-3 px-6 text-md font-semibold rounded\">\n                    En savoir plus                <\/a>\n                        <span class=\"block text-xs text-center sm:text-right text-slate-500 mt-3\">Voc\u00ea permanecer\u00e1 no mesmo site <\/span>\n        <\/div>\n    <\/div>\n<\/div><\/div>\n\n\n<h2 class=\"wp-block-heading\">\u00c9tat actuel de l&#8217;\u00e9conomie mondiale<\/h2>\n\n\n\n<p>L&#8217;\u00e9conomie mondiale entre dans une phase nouvelle et importante. Apr\u00e8s avoir travers\u00e9 des moments difficiles, on voit maintenant des signes d&#8217;am\u00e9lioration. Diff\u00e9rentes r\u00e9gions montrent des changementes, mais certaines sont en plein essor avec moins de ch\u00f4mage et plus de d\u00e9penses des consommateurs.<\/p>\n\n\n\n<p>Des indicateurs cl\u00e9s de l&#8217;\u00e9conomie sont en hausse, surtout dans la construction et l&#8217;infrastructure. Ces changements marquent un moment positif pour des pays qui \u00e9taient en difficult\u00e9. Les <b>accords de libre-\u00e9change<\/b> renforc\u00e9s contribuent aussi, en rendant les \u00e9changes plus faciles et en poussant la <b>croissance<\/b>.<\/p>\n\n\n<div class=\"wp-block-image\">\n<figure class=\"aligncenter\"><img loading=\"lazy\" decoding=\"async\" width=\"1024\" height=\"585\" src=\"https:\/\/kursora.com\/wp-content\/uploads\/2025\/08\/etat-de-leconomie-mondiale-1024x585.jpeg\" alt=\"\u00e9tat de l'\u00e9conomie mondiale\" class=\"wp-image-1375\" title=\"\u00e9tat de l'\u00e9conomie mondiale\" srcset=\"https:\/\/kursora.com\/wp-content\/uploads\/2025\/08\/etat-de-leconomie-mondiale-1024x585.jpeg 1024w, https:\/\/kursora.com\/wp-content\/uploads\/2025\/08\/etat-de-leconomie-mondiale-300x171.jpeg 300w, https:\/\/kursora.com\/wp-content\/uploads\/2025\/08\/etat-de-leconomie-mondiale-768x439.jpeg 768w, https:\/\/kursora.com\/wp-content\/uploads\/2025\/08\/etat-de-leconomie-mondiale.jpeg 1344w\" sizes=\"auto, (max-width: 1024px) 100vw, 1024px\" \/><\/figure>\n<\/div>\n\n\n<p><\/p>\n\n\n\n<h2 class=\"wp-block-heading\">Les signes de croissance face \u00e0 une stagnation<\/h2>\n\n\n\n<p>Certaines r\u00e9gions montrent un lent progr\u00e8s \u00e9conomique. Mais, la Chine, l&#8217;Inde, et le Br\u00e9sil r\u00e9v\u00e8lent des <b>signes de croissance<\/b>. Leur classe moyenne grandit, et \u00e7a pousse la consommation.<\/p>\n\n\n\n<p>En Am\u00e9rique du Nord et en Europe, moins de gens sont sans emploi. Cela prouve une grande r\u00e9sistance \u00e9conomique. Le secteur technologique, en particulier, va tr\u00e8s bien et aide \u00e0 la reprise \u00e9conomique.<\/p>\n\n\n\n<p>Il y a n\u00e9anmoins des d\u00e9fis, comme les incertitudes politiques. Les probl\u00e8mes de commerce et le Brexit inqui\u00e8tent certains. Ils pourraient freiner la <b>croissance<\/b>. Donc, rester attentifs aux signes positifs est crucial, malgr\u00e9 ces obstacles.<\/p>\n\n\n\n<h2 class=\"wp-block-heading\">Les d\u00e9fis des accords de libre-\u00e9change<\/h2>\n\n\n\n<p>Les <b>accords de libre-\u00e9change<\/b> sont vus comme des moyens de booster l&#8217;\u00e9conomie. Mais, ils font face \u00e0 des d\u00e9fis majeurs. Par exemple, l&#8217;ALENA, qui liait les \u00c9tats-Unis, le Canada et le Mexique, est en cours de ren\u00e9gociation. Cela inqui\u00e8te de nombreuses entreprises.<\/p>\n\n\n\n<p>Elles pr\u00e9f\u00e8rent attendre avant d&#8217;investir, \u00e0 cause de ces incertitudes. Le Brexit et d&#8217;autres \u00e9v\u00e9nements politiques cr\u00e9ent des tensions commerciales. Ils poussent certains pays vers le <b>protectionnisme<\/b>.<\/p>\n\n\n\n<p>Ce manque de certitude pourrait nuire \u00e0 l&#8217;\u00e9conomie. Sans une update comme l&#8217;ALENA 2.0, l&#8217;\u00e9conomie pourrait reculer. Les experts pr\u00e9voient une possible chute du PIB de 1,2 % et des <b>investissements<\/b> de 4,5 %.<\/p>\n\n\n\n<h2 class=\"wp-block-heading\">Impact de la mondialisation sur la croissance<\/h2>\n\n\n\n<p>La <b>mondialisation<\/b> a chang\u00e9 les \u00e9conomies partout. Gr\u00e2ce \u00e0 elle, plus de biens, services et capitaux circulent. Cela booste la <b>croissance \u00e9conomique<\/b> dans plusieurs zones.<\/p>\n\n\n\n<p>Les pays ont maintenant acc\u00e8s \u00e0 plus de march\u00e9s. Cela encourage l&#8217;innovation et renforce leur comp\u00e9titivit\u00e9.<\/p>\n\n\n\n<p>Cette \u00e9volution a des points forts. Elle augmente les salaires et peut r\u00e9duire le ch\u00f4mage dans certains domaines. Mais elle apporte aussi des d\u00e9fis. Les p\u00e9riodes de croissance et de crise se sont allong\u00e9es. Les r\u00e9cessions frappent plus fort, comme l&#8217;a montr\u00e9 la crise de 2008.<\/p>\n\n\n\n<p>Le <b>protectionnisme<\/b> et les in\u00e9galit\u00e9s \u00e9conomiques inqui\u00e8tent de plus en plus. La <b>mondialisation<\/b> cr\u00e9e certes des chances. Mais elle peut aussi engendrer des tensions et des combats pour plus d&#8217;\u00e9quit\u00e9.<\/p>\n\n\n\n<p>L&#8217;avenir \u00e9conomique reposera sur l&#8217;\u00e9quilibre entre ces avantages et d\u00e9fis. Les pays doivent utiliser au mieux ce que la <b>mondialisation<\/b> leur offre.<\/p>\n\n\n\n<h2 class=\"wp-block-heading\">Analyse des politiques \u00e9conomiques en France<\/h2>\n\n\n\n<p>En <b>France<\/b>, l&#8217;analyse des <b>politiques \u00e9conomiques<\/b> r\u00e9v\u00e8le de grands d\u00e9fis. Le pays fait face \u00e0 une <b>stagnation<\/b>, avec une croissance attendue de seulement 0,5 % pour les prochaines ann\u00e9es. Cette situation est due \u00e0 plusieurs facteurs, comme les obstacles \u00e0 la croissance et le manque d&#8217;investissements productifs.<\/p>\n\n\n\n<p>Des experts sugg\u00e8rent de faire des <b>investissements<\/b> strat\u00e9giques dans les infrastructures et l&#8217;innovation. Ces actions pourraient booster la croissance en rendant les ressources plus efficaces. Ainsi, revitaliser le march\u00e9 est crucial pour les <b>politiques \u00e9conomiques<\/b> de la <b>France<\/b>.<\/p>\n\n\n\n<p>Il est aussi important de r\u00e9aliser des r\u00e9formes structurelles pour diminuer les in\u00e9galit\u00e9s de revenus. En adoptant de nouvelles <b>politiques \u00e9conomiques<\/b>, la France pourrait vivre une \u00e8re de prosp\u00e9rit\u00e9 partag\u00e9e. Cela l&#8217;aiderait \u00e0 sortir de sa <b>stagnation<\/b> actuelle.<\/p>\n\n\n\n<h2 class=\"wp-block-heading\">Croissance \u00e9conomique ralentie et projections optimistes \u00e0 moyen terme<\/h2>\n\n\n\n<p>La <b>croissance \u00e9conomique<\/b> mondiale ralentit actuellement. Mais, il y a des signes qui montrent de l&#8217;espoir pour l&#8217;avenir. Des changements dans les comportements de consommation et de nouvelles dynamiques apportent de l&#8217;optimisme. Ces \u00e9l\u00e9ments nous donnent de bonnes raisons d&#8217;esp\u00e9rer des jours meilleurs.<\/p>\n\n\n\n<h3 class=\"wp-block-heading\">Facteurs pouvant favoriser l&#8217;optimisme<\/h3>\n\n\n\n<p>Certains \u00e9l\u00e9ments peuvent nous rendre optimistes pour l&#8217;avenir :<\/p>\n\n\n\n<ul class=\"wp-block-list\">\n<li>La participation accrue des <b>jeunes<\/b> sur le march\u00e9 du travail pousse \u00e0 l&#8217;innovation.<\/li>\n\n\n\n<li>L&#8217;essor de la <b>gig economy<\/b> offre plus d&#8217;opportunit\u00e9s flexibles aux travailleurs.<\/li>\n\n\n\n<li>Les avanc\u00e9es technologiques am\u00e9liorent la productivit\u00e9 et r\u00e9duisent les co\u00fbts.<\/li>\n\n\n\n<li>La demande cach\u00e9e des consommateurs, surtout en num\u00e9rique, r\u00e9v\u00e8le un grand potentiel.<\/li>\n<\/ul>\n\n\n\n<h2 class=\"wp-block-heading\">Les effets de l&#8217;inflation sur l&#8217;\u00e9conomie<\/h2>\n\n\n\n<p>L&#8217;inflation influence fortement l&#8217;\u00e9conomie de nos jours. Elle met la pression sur la fa\u00e7on dont on consomme et investit. Cela touche directement les familles et les entreprises.<\/p>\n\n\n\n<p>Apr\u00e8s une p\u00e9riode de hausse, l&#8217;inflation commence \u00e0 se stabiliser. Cependant, ses effets se font toujours sentir.<\/p>\n\n\n\n<p>Les m\u00e9nages subissent l&#8217;impact de l&#8217;inflation de plusieurs mani\u00e8res, y compris :<\/p>\n\n\n\n<ul class=\"wp-block-list\">\n<li>Une diminution du pouvoir d&#8217;achat<\/li>\n\n\n\n<li>Une augmentation des co\u00fbts de la vie<\/li>\n\n\n\n<li>Des difficult\u00e9s d&#8217;acc\u00e8s \u00e0 certains biens et services<\/li>\n<\/ul>\n\n\n\n<p>Les banques centrales doivent \u00e9quilibrer la lutte contre l&#8217;inflation et le soutien \u00e0 la croissance. Cette balance est cruciale pour guider l&#8217;\u00e9conomie de mani\u00e8re positive, en r\u00e9duisant les probl\u00e8mes pour les gens.<\/p>\n\n\n\n<h2 class=\"wp-block-heading\">R\u00e9cup\u00e9ration post-COVID et ses implications<\/h2>\n\n\n\n<p>Apr\u00e8s le COVID, l&#8217;\u00e9conomie montre une force surprenante. Des secteurs cl\u00e9s se montrent r\u00e9silients. Toutefois, des d\u00e9fis persistent dans la plupart des march\u00e9s.<\/p>\n\n\n\n<p>Le Canada voit une croissance. Mais certaines industries font face \u00e0 des difficult\u00e9s, comme les faillites.<\/p>\n\n\n\n<p>Les gouvernements ont lanc\u00e9 des aides pour la relance. Mais des probl\u00e8mes li\u00e9s \u00e0 l&#8217;emploi et \u00e0 l&#8217;inflation inqui\u00e8tent encore. La p\u00e9nurie d&#8217;approvisionnement ajoute \u00e0 la complexit\u00e9 de la situation.<\/p>\n\n\n\n<p>Les entreprises doivent revoir leur fonctionnement. Adopter des pratiques durables pourrait \u00eatre cl\u00e9 pour profiter de la relance. Cela demande une coop\u00e9ration entre les secteurs public et priv\u00e9.<\/p>\n\n\n\n<h2 class=\"wp-block-heading\">Le r\u00f4le des jeunes et de la gig economy dans la croissance<\/h2>\n\n\n\n<p>Les <b>jeunes<\/b> apportent beaucoup \u00e0 notre \u00e9conomie. Surtout avec la <b>gig economy<\/b>, o\u00f9 ils trouvent des travaux flexibles. Ce type de travail s&#8217;ajuste bien aux changements du march\u00e9.<\/p>\n\n\n\n<p>Les <b>jeunes<\/b> contribuent plus qu&#8217;en gagnant simplement de l&#8217;argent. Ils dynamisent plusieurs secteurs, aidant ainsi \u00e0 la <b>croissance \u00e9conomique<\/b>.<\/p>\n\n\n\n<h3 class=\"wp-block-heading\">Importance de l&#8217;inclusion \u00e9conomique<\/h3>\n\n\n\n<p>L&#8217;int\u00e9gration de tous dans l&#8217;\u00e9conomie est cl\u00e9 pour une croissance durable. Cela inclut d&#8217;apporter les jeunes dans le circuit \u00e9conomique. Ainsi, ils peuvent utiliser leurs talents pour enrichir l&#8217;\u00e9conomie.<\/p>\n\n\n\n<p>Encourager les jeunes \u00e0 participer au march\u00e9 du travail est crucial. Surtout dans la <b>gig economy<\/b>. Cela rend notre croissance plus forte et tangible.<\/p>\n\n\n\n<h2 class=\"wp-block-heading\">Strat\u00e9gies pour relancer la croissance<\/h2>\n\n\n\n<p>Pour booster l&#8217;\u00e9conomie, il faut adopter diverses <strong>strat\u00e9gies de croissance<\/strong>. Il est important de les adapter aux situations actuelles. Investir dans l&#8217;\u00e9ducation cr\u00e9e une main-d&#8217;\u0153uvre qualifi\u00e9e, pr\u00eate pour le march\u00e9 du travail.<\/p>\n\n\n\n<p>L&#8217;am\u00e9lioration des infrastructures est aussi cruciale. Cela inclut les transports et le num\u00e9rique, essentiels pour dynamiser l&#8217;\u00e9conomie.<\/p>\n\n\n\n<p>Des politiques fiscales avantageuses peuvent encourager l&#8217;innovation. Elles attirent aussi les entreprises. La coop\u00e9ration entre les secteurs public et priv\u00e9 est n\u00e9cessaire pour utiliser au mieux les ressources disponibles.<\/p>\n\n\n\n<p>R\u00e9duire les in\u00e9galit\u00e9s de revenus est essentiel. Les r\u00e9formes fiscales, avec des politiques sociales, favorisent une <strong>relance \u00e9conomique<\/strong> incluant tout le monde. Tout cela forme un plan solide pour revigorer l&#8217;\u00e9conomie.<\/p>\n\n\n\n<h2 class=\"wp-block-heading\">Conclusion<\/h2>\n\n\n\n<p>La croissance de l&#8217;\u00e9conomie mondiale rencontre des obstacles importants. Cependant, il y a des signes positifs pour l&#8217;avenir. Les \u00e9conomies doivent s&#8217;adapter rapidement pour surmonter ces d\u00e9fis et int\u00e9grer les jeunes talents.<\/p>\n\n\n\n<p>Il est crucial que les politiques \u00e9conomiques profitent de la mondialisation tout en r\u00e9duisant ses effets n\u00e9gatifs. Une coop\u00e9ration \u00e9troite entre gouvernements, entreprises et soci\u00e9t\u00e9 civile est n\u00e9cessaire. Cela permettra de mettre en place des strat\u00e9gies qui aident \u00e0 dynamiser les \u00e9conomies.<\/p>\n\n\n\n<p>En fin de compte, des actions cibl\u00e9es et un d\u00e9vouement au d\u00e9veloppement durable peuvent relancer la croissance \u00e9conomique. Cela contribuera \u00e0 am\u00e9liorer la situation \u00e0 moyen terme. Ainsi, les attentes des citoyens et des entreprises seront mieux satisfaites.<\/p>\n\n\n\n<section class=\"schema-section\">\n<h2>FAQ<\/h2>\n<div>\n<h3>Quel est l&#8217;impact actuel du ralentissement \u00e9conomique sur la croissance \u00e0 moyen terme en France?<\/h3>\n<div>\n<div>\n<p>Le <b>ralentissement \u00e9conomique<\/b> baisse la croissance, pr\u00e9vue \u00e0 seulement 0,5 % pour la prochaine d\u00e9cennie. Des am\u00e9liorations sont en vue gr\u00e2ce aux <b>investissements<\/b> en infrastructures. L&#8217;engagement accru des jeunes sur le march\u00e9 du travail aide aussi.<\/p>\n<\/div>\n<\/div>\n<\/div>\n<div>\n<h3>Quels signes positifs \u00e9mergent malgr\u00e9 la stagnation des \u00e9conomies?<\/h3>\n<div>\n<div>\n<p>Des pays comme la Chine, l&#8217;Inde et le Br\u00e9sil voient leur croissance augmenter. Cela est d\u00fb \u00e0 l&#8217;expansion de la classe moyenne. Les investissements et les d\u00e9penses des consommateurs augmentent \u00e9galement.<\/p>\n<\/div>\n<\/div>\n<\/div>\n<div>\n<h3>Comment les accords de libre-\u00e9change influent-ils sur la croissance \u00e9conomique?<\/h3>\n<div>\n<div>\n<p>Les <b>accords de libre-\u00e9change<\/b>, comme l&#8217;ALENA, renforcent les liens \u00e9conomiques. Mais, des craintes sur leur ren\u00e9gociation pourraient freiner les investissements et la croissance.<\/p>\n<\/div>\n<\/div>\n<\/div>\n<div>\n<h3>Quel est l&#8217;effet de la mondialisation sur les \u00e9conomies contemporaines?<\/h3>\n<div>\n<div>\n<p>La mondialisation a int\u00e9gr\u00e9 les \u00e9conomies mondiales. Cependant, elle les rend plus vuln\u00e9rables aux crises et accro\u00eet les in\u00e9galit\u00e9s \u00e9conomiques.<\/p>\n<\/div>\n<\/div>\n<\/div>\n<div>\n<h3>Quelles sont les recommandations pour stimuler la croissance en France?<\/h3>\n<div>\n<div>\n<p>Pour stimuler la croissance, il faut des r\u00e9formes, plus d&#8217;investissements en \u00e9ducation et innovation. Am\u00e9liorer les infrastructures est aussi essentiel.<\/p>\n<\/div>\n<\/div>\n<\/div>\n<div>\n<h3>Quel r\u00f4le joue l&#8217;inflation dans l&#8217;\u00e9conomie actuelle?<\/h3>\n<div>\n<div>\n<p>L&#8217;inflation r\u00e9duit le pouvoir d&#8217;achat et augmente les co\u00fbts de la vie. Les politiques des banques centrales doivent en tenir compte pour soutenir la croissance.<\/p>\n<\/div>\n<\/div>\n<\/div>\n<div>\n<h3>Comment la r\u00e9cup\u00e9ration post-COVID influence-t-elle l&#8217;\u00e9conomie?<\/h3>\n<div>\n<div>\n<p>La reprise post-COVID montre une \u00e9conomie r\u00e9siliente. Pourtant, l&#8217;inflation et les probl\u00e8mes d&#8217;emploi restent des d\u00e9fis. Les politiques gouvernementales sont cl\u00e9s pour la reprise.<\/p>\n<\/div>\n<\/div>\n<\/div>\n<div>\n<h3>En quoi les jeunes et la gig economy peuvent-ils influencer la croissance?<\/h3>\n<div>\n<div>\n<p>La gig economy, avec son dynamisme, b\u00e9n\u00e9ficie de l&#8217;implication des jeunes. Leur participation active est vitale pour une croissance soutenue.<\/p>\n<\/div>\n<\/div>\n<\/div>\n<div>\n<h3>Quelles strat\u00e9gies sont envisag\u00e9es pour relancer la croissance \u00e9conomique?<\/h3>\n<div>\n<div>\n<p>Pour relancer la croissance, on envisage d&#8217;investir dans l&#8217;infra et l&#8217;\u00e9ducation. Adopter des politiques fiscales avantageuses et r\u00e9duire les in\u00e9galit\u00e9s de revenus sont aussi des cl\u00e9s.<\/p>\n<\/div>\n<\/div>\n<\/div>\n<\/section>\n","protected":false},"excerpt":{"rendered":"<p>Vous voulez une carte pour toutes les heures ? La France conna\u00eet un ralentissement \u00e9conomique qui pose beaucoup de questions. Malgr\u00e9 cela,&#8230;<\/p>\n","protected":false},"author":2,"featured_media":1374,"comment_status":"open","ping_status":"open","sticky":false,"template":"","format":"standard","meta":{"footnotes":""},"categories":[2996],"tags":[3293,3296,3299],"class_list":["post-1373","post","type-post","status-publish","format-standard","has-post-thumbnail","hentry","category-carte","tag-croissance-economique-fr","tag-perspectives-a-moyen-terme-fr","tag-ralentissement-economique-fr","entry"],"_links":{"self":[{"href":"https:\/\/kursora.com\/en\/wp-json\/wp\/v2\/posts\/1373","targetHints":{"allow":["GET"]}}],"collection":[{"href":"https:\/\/kursora.com\/en\/wp-json\/wp\/v2\/posts"}],"about":[{"href":"https:\/\/kursora.com\/en\/wp-json\/wp\/v2\/types\/post"}],"author":[{"embeddable":true,"href":"https:\/\/kursora.com\/en\/wp-json\/wp\/v2\/users\/2"}],"replies":[{"embeddable":true,"href":"https:\/\/kursora.com\/en\/wp-json\/wp\/v2\/comments?post=1373"}],"version-history":[{"count":6,"href":"https:\/\/kursora.com\/en\/wp-json\/wp\/v2\/posts\/1373\/revisions"}],"predecessor-version":[{"id":16253,"href":"https:\/\/kursora.com\/en\/wp-json\/wp\/v2\/posts\/1373\/revisions\/16253"}],"wp:featuredmedia":[{"embeddable":true,"href":"https:\/\/kursora.com\/en\/wp-json\/wp\/v2\/media\/1374"}],"wp:attachment":[{"href":"https:\/\/kursora.com\/en\/wp-json\/wp\/v2\/media?parent=1373"}],"wp:term":[{"taxonomy":"category","embeddable":true,"href":"https:\/\/kursora.com\/en\/wp-json\/wp\/v2\/categories?post=1373"},{"taxonomy":"post_tag","embeddable":true,"href":"https:\/\/kursora.com\/en\/wp-json\/wp\/v2\/tags?post=1373"}],"curies":[{"name":"wp","href":"https:\/\/api.w.org\/{rel}","templated":true}]}}